{"content":"<div class=\"row inline-row\">\r\n                <div class=\"col-md-6 inline-col feed-item\">\r\n            <div class=\"clearfix\">\r\n                    <div class=\"img \">\r\n                <a  href=\"https:\/\/szabkam.hu\/hirek\/mesteravato-unnepseg-a-varmegyei-kamaraban\" title=\"Mesteravat\u00f3 \u00fcnneps\u00e9g a v\u00e1rmegyei kamar\u00e1ban\" tabindex=\"-1\" aria-hidden=\"true\">\r\n                    <img class=\"img-responsive img-center\" src=\"\/uploads\/feed_items\/small-dsc-0284-17654662847181.JPG\" alt=\"Mesteravat\u00f3 \u00fcnneps\u00e9g a v\u00e1rmegyei kamar\u00e1ban\">\r\n                <\/a>\r\n            <\/div>\r\n                <div class=\"col-xs-7 info\">\r\n            <div class=\"title\" role=\"heading\" aria-level=\"4\"><a  href=\"https:\/\/szabkam.hu\/hirek\/mesteravato-unnepseg-a-varmegyei-kamaraban\">Mesteravat\u00f3 \u00fcnneps\u00e9g a v\u00e1rmegyei kamar\u00e1ban<\/a><\/div>\r\n                            <ul class=\"categories\">\r\n                                            <li><a style=\"background: #9126d1; color: #ffffff\" href=\"https:\/\/szabkam.hu\/hirek\/mesterkepzes\" aria-label=\"Mesterk\u00e9pz\u00e9s kateg\u00f3ri\u00e1k megnyit\u00e1sa\">Mesterk\u00e9pz\u00e9s<\/a><\/li>\r\n                                            <li><a style=\"background: #4d5bae; color: #ffffff\" href=\"https:\/\/szabkam.hu\/hirek\/szszbmkik\" aria-label=\"SZSZBVKIK kateg\u00f3ri\u00e1k megnyit\u00e1sa\">SZSZBVKIK<\/a><\/li>\r\n                                        <li><span class=\"public-at\">2025. december 11.<\/span><\/li>\r\n                <\/ul>\r\n                        <div class=\"desc\"><p style=\"text-align:justify\">Szerda d\u00e9lut\u00e1n \u00fcnnep\u00e9lyes keretek k\u00f6z\u00f6tt adt\u00e1k \u00e1t a mesterleveleket a Szabolcs-Szatm\u00e1r-Bereg V\u00e1rmegyei Kereskedelmi \u00e9s Iparkamar\u00e1ban. Az esem\u00e9nyen azoknak a szakembereknek gratul\u00e1ltak, akik 2025-ben sikeresen teljes\u00edtett\u00e9k mestervizsg\u00e1ikat a karossz\u00e9rialakatos, k\u0151m\u0171ves, valamint g\u00e1zfogyaszt\u00f3-berendez\u00e9s \u00e9s cs\u0151h\u00e1l\u00f3zat-szerel\u0151 szakm\u00e1kban.&nbsp;A k\u00e9pz\u00e9sekben 25 f\u0151 vett r\u00e9szt \u00e1llamilag t\u00e1mogatott form\u00e1ban, \u00e9s \u00f6sszesen 31 mesterjel\u00f6lt szerzett mesterlevelet az idei&nbsp;\u0151szi vizsgaid\u0151szakban.<\/p><\/div>\r\n        <\/div>\r\n    <\/div>\r\n        <\/div>\r\n            <div class=\"col-md-6 inline-col feed-item\">\r\n            <div class=\"clearfix\">\r\n                    <div class=\"img \">\r\n                <a  href=\"https:\/\/szabkam.hu\/hirek\/szloven-magyar-gazdasagfejlesztesi-forum-es-b2b\" title=\"Szlov\u00e9n-Magyar Gazdas\u00e1gfejleszt\u00e9si F\u00f3rum \u00e9s B2B\" tabindex=\"-1\" aria-hidden=\"true\">\r\n                    <img class=\"img-responsive img-center\" src=\"\/uploads\/feed_items\/small-polana-1-17651978019593.jpg\" alt=\"Szlov\u00e9n-Magyar Gazdas\u00e1gfejleszt\u00e9si F\u00f3rum \u00e9s B2B\">\r\n                <\/a>\r\n            <\/div>\r\n                <div class=\"col-xs-7 info\">\r\n            <div class=\"title\" role=\"heading\" aria-level=\"4\"><a  href=\"https:\/\/szabkam.hu\/hirek\/szloven-magyar-gazdasagfejlesztesi-forum-es-b2b\">Szlov\u00e9n-Magyar Gazdas\u00e1gfejleszt\u00e9si F\u00f3rum \u00e9s B2B<\/a><\/div>\r\n                            <ul class=\"categories\">\r\n                                            <li><a style=\"background: #445881; color: #ffffff\" href=\"https:\/\/szabkam.hu\/hirek\/gazdasagfejlesztes\" aria-label=\"Gazdas\u00e1gfejleszt\u00e9s kateg\u00f3ri\u00e1k megnyit\u00e1sa\">Gazdas\u00e1gfejleszt\u00e9s<\/a><\/li>\r\n                                            <li><a style=\"background: #2a2880; color: #ffffff\" href=\"https:\/\/szabkam.hu\/hirek\/kulgazdasag\" aria-label=\"K\u00fclgazdas\u00e1g kateg\u00f3ri\u00e1k megnyit\u00e1sa\">K\u00fclgazdas\u00e1g<\/a><\/li>\r\n                                        <li><span class=\"public-at\">2025. december 08.<\/span><\/li>\r\n                <\/ul>\r\n                        <div class=\"desc\"><p style=\"text-align:justify\">A Zala V\u00e1rmegyei Kereskedelmi \u00e9s Iparkamara felh\u00edv\u00e1sa a 2026. febru\u00e1r 10-\u00e9n tartand\u00f3 Szlov\u00e9n\u2013Magyar Gazdas\u00e1gfejleszt\u00e9si F\u00f3rum \u00e9s B2B rendezv\u00e9nyre.<\/p><\/div>\r\n        <\/div>\r\n    <\/div>\r\n        <\/div>\r\n            <div class=\"col-md-6 inline-col feed-item\">\r\n            <div class=\"clearfix\">\r\n                    <div class=\"img \">\r\n                <a  href=\"https:\/\/szabkam.hu\/hirek\/figyelem-ingyenes-hr-segitseg-kkv-knak-ha-nincs-kulon-hr-munkatarsad-akkor-plane-neked-szol\" title=\"FIGYELEM! Ingyenes HR seg\u00edts\u00e9g KKV-knak \u2013 ha nincs k\u00fcl\u00f6n HR munkat\u00e1rsad, akkor pl\u00e1ne neked sz\u00f3l!\" tabindex=\"-1\" aria-hidden=\"true\">\r\n                    <img class=\"img-responsive img-center\" src=\"\/uploads\/feed_items\/small-szilagyi-becsi-timea-1080-x-1080-keppont-17652025371147.jpg\" alt=\"FIGYELEM! Ingyenes HR seg\u00edts\u00e9g KKV-knak \u2013 ha nincs k\u00fcl\u00f6n HR munkat\u00e1rsad, akkor pl\u00e1ne neked...\">\r\n                <\/a>\r\n            <\/div>\r\n                <div class=\"col-xs-7 info\">\r\n            <div class=\"title\" role=\"heading\" aria-level=\"4\"><a  href=\"https:\/\/szabkam.hu\/hirek\/figyelem-ingyenes-hr-segitseg-kkv-knak-ha-nincs-kulon-hr-munkatarsad-akkor-plane-neked-szol\">FIGYELEM! Ingyenes HR seg\u00edts\u00e9g KKV-knak \u2013 ha nincs k\u00fcl\u00f6n HR munkat\u00e1rsad, akkor pl\u00e1ne neked sz\u00f3l!<\/a><\/div>\r\n                            <ul class=\"categories\">\r\n                                            <li><a style=\"background: #45601f; color: #ffffff\" href=\"https:\/\/szabkam.hu\/hirek\/hr-klub\" aria-label=\"HR Klub kateg\u00f3ri\u00e1k megnyit\u00e1sa\">HR Klub<\/a><\/li>\r\n                                            <li><a style=\"background: #0a73a3; color: #ffffff\" href=\"https:\/\/szabkam.hu\/hirek\/vallalkozasfejlesztes\" aria-label=\"V\u00e1llalkoz\u00e1sfejleszt\u00e9s kateg\u00f3ri\u00e1k megnyit\u00e1sa\">V\u00e1llalkoz\u00e1sfejleszt\u00e9s<\/a><\/li>\r\n                                        <li><span class=\"public-at\">2025. december 08.<\/span><\/li>\r\n                <\/ul>\r\n                        <div class=\"desc\"><p><strong>Fut a c\u00e9g, d\u00fcb\u00f6r\u00f6g a munka, de\u2026<\/strong><br \/>\r\n\u2757\ufe0fa toborz\u00e1s rengeteg id\u0151t visz el<br \/>\r\n\u2757\ufe0fegy emberre h\u00e1rul minden \u201cHR-es feladat\u201d<br \/>\r\n\u2757\ufe0fnincs \u00e1tl\u00e1that\u00f3 teljes\u00edtm\u00e9ny\u00e9rt\u00e9kel\u00e9s<br \/>\r\n\u2757\ufe0fneh\u00e9z megtartani a j\u00f3 munkaer\u0151t<br \/>\r\n\u2757\ufe0fa vezet\u0151i \u00e9s csapatm\u0171k\u00f6d\u00e9si k\u00e9rd\u00e9sek halmoz\u00f3dnak<\/p><\/div>\r\n        <\/div>\r\n    <\/div>\r\n        <\/div>\r\n            <div class=\"col-md-6 inline-col feed-item\">\r\n            <div class=\"clearfix\">\r\n                    <div class=\"img \">\r\n                <a  href=\"https:\/\/szabkam.hu\/hirek\/roman-magyar-uzleti-forum\" title=\"Rom\u00e1n-Magyar \u00dczleti F\u00f3rum\" tabindex=\"-1\" aria-hidden=\"true\">\r\n                    <img class=\"img-responsive img-center\" src=\"\/uploads\/feed_items\/small-hbkik-17651897017073.png\" alt=\"Rom\u00e1n-Magyar \u00dczleti F\u00f3rum\">\r\n                <\/a>\r\n            <\/div>\r\n                <div class=\"col-xs-7 info\">\r\n            <div class=\"title\" role=\"heading\" aria-level=\"4\"><a  href=\"https:\/\/szabkam.hu\/hirek\/roman-magyar-uzleti-forum\">Rom\u00e1n-Magyar \u00dczleti F\u00f3rum<\/a><\/div>\r\n                            <ul class=\"categories\">\r\n                                            <li><a style=\"background: #445881; color: #ffffff\" href=\"https:\/\/szabkam.hu\/hirek\/gazdasagfejlesztes\" aria-label=\"Gazdas\u00e1gfejleszt\u00e9s kateg\u00f3ri\u00e1k megnyit\u00e1sa\">Gazdas\u00e1gfejleszt\u00e9s<\/a><\/li>\r\n                                            <li><a style=\"background: #2a2880; color: #ffffff\" href=\"https:\/\/szabkam.hu\/hirek\/kulgazdasag\" aria-label=\"K\u00fclgazdas\u00e1g kateg\u00f3ri\u00e1k megnyit\u00e1sa\">K\u00fclgazdas\u00e1g<\/a><\/li>\r\n                                        <li><span class=\"public-at\">2025. december 08.<\/span><\/li>\r\n                <\/ul>\r\n                        <div class=\"desc\"><p style=\"text-align:justify\">A <strong>Hajd\u00fa-Bihar V\u00e1rmegyei Kereskedelmi \u00e9s Iparkamara<\/strong> Rom\u00e1n-Magyar \u00dczleti F\u00f3rum c\u00edmmel esem\u00e9nyt szervez <strong>2025. december 12-\u00e9n<\/strong>.<\/p><\/div>\r\n        <\/div>\r\n    <\/div>\r\n        <\/div>\r\n            <div class=\"col-md-6 inline-col feed-item\">\r\n            <div class=\"clearfix\">\r\n                    <div class=\"img \">\r\n                <a  href=\"https:\/\/szabkam.hu\/hirek\/szabolcs-szatmar-bereg-varmegyei-kkv-k-figyelem\" title=\"Szabolcs-Szatm\u00e1r-Bereg V\u00e1rmegyei KKV-k figyelem!\" tabindex=\"-1\" aria-hidden=\"true\">\r\n                    <img class=\"img-responsive img-center\" src=\"\/uploads\/feed_items\/small-teaser-minibridge-2025-26-nyiregyhaza-002-17651814284339.jpg\" alt=\"Szabolcs-Szatm\u00e1r-Bereg V\u00e1rmegyei KKV-k figyelem!\">\r\n                <\/a>\r\n            <\/div>\r\n                <div class=\"col-xs-7 info\">\r\n            <div class=\"title\" role=\"heading\" aria-level=\"4\"><a  href=\"https:\/\/szabkam.hu\/hirek\/szabolcs-szatmar-bereg-varmegyei-kkv-k-figyelem\">Szabolcs-Szatm\u00e1r-Bereg V\u00e1rmegyei KKV-k figyelem!<\/a><\/div>\r\n                            <ul class=\"categories\">\r\n                                            <li><a style=\"background: #445881; color: #ffffff\" href=\"https:\/\/szabkam.hu\/hirek\/gazdasagfejlesztes\" aria-label=\"Gazdas\u00e1gfejleszt\u00e9s kateg\u00f3ri\u00e1k megnyit\u00e1sa\">Gazdas\u00e1gfejleszt\u00e9s<\/a><\/li>\r\n                                            <li><a style=\"background: #4d5bae; color: #ffffff\" href=\"https:\/\/szabkam.hu\/hirek\/szszbmkik\" aria-label=\"SZSZBVKIK kateg\u00f3ri\u00e1k megnyit\u00e1sa\">SZSZBVKIK<\/a><\/li>\r\n                                        <li><span class=\"public-at\">2025. december 08.<\/span><\/li>\r\n                <\/ul>\r\n                        <div class=\"desc\"><p style=\"text-align:justify\">Fontos sz\u00e1modra, hogy v\u00e1llalkoz\u00e1sod ne csak nyeres\u00e9ges, de <strong>t\u00e1rsadalmilag \u00e9s k\u00f6rnyezetileg is felel\u0151s<\/strong> legyen? Akkor ezt az alkalmat ne hagyd ki!<\/p><\/div>\r\n        <\/div>\r\n    <\/div>\r\n        <\/div>\r\n            <div class=\"col-md-6 inline-col feed-item\">\r\n            <div class=\"clearfix\">\r\n                    <div class=\"img \">\r\n                <a  href=\"https:\/\/szabkam.hu\/hirek\/top100-gazdasagi-dij-iden-a-bogdany-petrol-kft-kapta-a-rangos-elismerest\" title=\"TOP100 Gazdas\u00e1gi D\u00edj: id\u00e9n a Bogd\u00e1ny Petrol Kft. kapta a rangos elismer\u00e9st\" tabindex=\"-1\" aria-hidden=\"true\">\r\n                    <img class=\"img-responsive img-center\" src=\"\/uploads\/feed_items\/small-kis-04167-17648381336628.jpg\" alt=\"TOP100 Gazdas\u00e1gi D\u00edj: id\u00e9n a Bogd\u00e1ny Petrol Kft. kapta a rangos elismer\u00e9st\">\r\n                <\/a>\r\n            <\/div>\r\n                <div class=\"col-xs-7 info\">\r\n            <div class=\"title\" role=\"heading\" aria-level=\"4\"><a  href=\"https:\/\/szabkam.hu\/hirek\/top100-gazdasagi-dij-iden-a-bogdany-petrol-kft-kapta-a-rangos-elismerest\">TOP100 Gazdas\u00e1gi D\u00edj: id\u00e9n a Bogd\u00e1ny Petrol Kft. kapta a rangos elismer\u00e9st<\/a><\/div>\r\n                            <ul class=\"categories\">\r\n                                            <li><a style=\"background: #4d5bae; color: #ffffff\" href=\"https:\/\/szabkam.hu\/hirek\/szszbmkik\" aria-label=\"SZSZBVKIK kateg\u00f3ri\u00e1k megnyit\u00e1sa\">SZSZBVKIK<\/a><\/li>\r\n                                        <li><span class=\"public-at\">2025. december 04.<\/span><\/li>\r\n                <\/ul>\r\n                        <div class=\"desc\"><p style=\"text-align:justify\">A Korona Hotel d\u00edszterme ism\u00e9t megtelt a v\u00e1rmegye meghat\u00e1roz\u00f3 v\u00e1llalkoz\u00f3ival, c\u00e9gvezet\u0151ivel \u00e9s gazdas\u00e1gi szakembereivel, ahol megrendezt\u00e9k a TOP100 gazdas\u00e1gi d\u00edj\u00e1tad\u00f3t. A sz\u00e9les k\u00f6r\u0171 \u00e9rdekl\u0151d\u00e9s is jelzi, hogy a t\u00e9rs\u00e9g gazdas\u00e1gi szerepl\u0151i sz\u00e1m\u00e1ra kiemelten fontos ez az esem\u00e9ny, amely minden \u00e9vben bemutatja a v\u00e1rmegye legmeghat\u00e1roz\u00f3bb v\u00e1llalkoz\u00e1sait \u00e9s gazdas\u00e1gi folyamatait. A 2024-es TOP100 Gazdas\u00e1gi D\u00edjat <strong>a Bogd\u00e1ny Petrol Kft.<\/strong> kapta, amely hossz\u00fa \u00e9vtizedek \u00f3ta a hazai k\u0151olajipar kiemelked\u0151 szerepl\u0151je.<\/p><\/div>\r\n        <\/div>\r\n    <\/div>\r\n        <\/div>\r\n            <div class=\"col-md-6 inline-col feed-item\">\r\n            <div class=\"clearfix\">\r\n                    <div class=\"img \">\r\n                <a  href=\"https:\/\/szabkam.hu\/hirek\/mkik-tajekoztato-az-adovaltozasokrol\" title=\"MKIK t\u00e1j\u00e9koztat\u00f3 az ad\u00f3v\u00e1ltoz\u00e1sokr\u00f3l\" tabindex=\"-1\" aria-hidden=\"true\">\r\n                    <img class=\"img-responsive img-center\" src=\"\/uploads\/feed_items\/small-ado-2025-17647637243227.jpg\" alt=\"MKIK t\u00e1j\u00e9koztat\u00f3 az ad\u00f3v\u00e1ltoz\u00e1sokr\u00f3l\">\r\n                <\/a>\r\n            <\/div>\r\n                <div class=\"col-xs-7 info\">\r\n            <div class=\"title\" role=\"heading\" aria-level=\"4\"><a  href=\"https:\/\/szabkam.hu\/hirek\/mkik-tajekoztato-az-adovaltozasokrol\">MKIK t\u00e1j\u00e9koztat\u00f3 az ad\u00f3v\u00e1ltoz\u00e1sokr\u00f3l<\/a><\/div>\r\n                            <ul class=\"categories\">\r\n                                            <li><a style=\"background: #445881; color: #ffffff\" href=\"https:\/\/szabkam.hu\/hirek\/gazdasagfejlesztes\" aria-label=\"Gazdas\u00e1gfejleszt\u00e9s kateg\u00f3ri\u00e1k megnyit\u00e1sa\">Gazdas\u00e1gfejleszt\u00e9s<\/a><\/li>\r\n                                            <li><a style=\"background: #820d14; color: #ffffff\" href=\"https:\/\/szabkam.hu\/hirek\/adozas\" aria-label=\"Ad\u00f3z\u00e1s kateg\u00f3ri\u00e1k megnyit\u00e1sa\">Ad\u00f3z\u00e1s<\/a><\/li>\r\n                                        <li><span class=\"public-at\">2025. december 03.<\/span><\/li>\r\n                <\/ul>\r\n                        <div class=\"desc\"><p style=\"text-align:justify\">Elk\u00e9sz\u00fclt a Magyar Kereskedelmi \u00e9s Iparkamara<strong> Ad\u00f3v\u00e1ltoz\u00e1sokr\u00f3l <\/strong>sz\u00f3l\u00f3 v\u00e1llalkoz\u00f3i t\u00e1j\u00e9koztat\u00f3ja.<\/p><\/div>\r\n        <\/div>\r\n    <\/div>\r\n        <\/div>\r\n            <div class=\"col-md-6 inline-col feed-item\">\r\n            <div class=\"clearfix\">\r\n                    <div class=\"img \">\r\n                <a  href=\"https:\/\/szabkam.hu\/hirek\/tamogatott-reszvetel-kulfoldi-kiallitasokon-2026-januar-februar\" title=\"T\u00e1mogatott r\u00e9szv\u00e9tel k\u00fclf\u00f6ldi ki\u00e1ll\u00edt\u00e1sokon 2026. janu\u00e1r-febru\u00e1r\" tabindex=\"-1\" aria-hidden=\"true\">\r\n                    <img class=\"img-responsive img-center\" src=\"\/uploads\/feed_items\/small-dubai-17646861671259.jpg\" alt=\"T\u00e1mogatott r\u00e9szv\u00e9tel k\u00fclf\u00f6ldi ki\u00e1ll\u00edt\u00e1sokon 2026. janu\u00e1r-febru\u00e1r\">\r\n                <\/a>\r\n            <\/div>\r\n                <div class=\"col-xs-7 info\">\r\n            <div class=\"title\" role=\"heading\" aria-level=\"4\"><a  href=\"https:\/\/szabkam.hu\/hirek\/tamogatott-reszvetel-kulfoldi-kiallitasokon-2026-januar-februar\">T\u00e1mogatott r\u00e9szv\u00e9tel k\u00fclf\u00f6ldi ki\u00e1ll\u00edt\u00e1sokon 2026. janu\u00e1r-febru\u00e1r<\/a><\/div>\r\n                            <ul class=\"categories\">\r\n                                            <li><a style=\"background: #445881; color: #ffffff\" href=\"https:\/\/szabkam.hu\/hirek\/gazdasagfejlesztes\" aria-label=\"Gazdas\u00e1gfejleszt\u00e9s kateg\u00f3ri\u00e1k megnyit\u00e1sa\">Gazdas\u00e1gfejleszt\u00e9s<\/a><\/li>\r\n                                            <li><a style=\"background: #296aef; color: #ffffff\" href=\"https:\/\/szabkam.hu\/hirek\/kiallitas\" aria-label=\"Ki\u00e1ll\u00edt\u00e1s kateg\u00f3ri\u00e1k megnyit\u00e1sa\">Ki\u00e1ll\u00edt\u00e1s<\/a><\/li>\r\n                                            <li><a style=\"background: #2a2880; color: #ffffff\" href=\"https:\/\/szabkam.hu\/hirek\/kulgazdasag\" aria-label=\"K\u00fclgazdas\u00e1g kateg\u00f3ri\u00e1k megnyit\u00e1sa\">K\u00fclgazdas\u00e1g<\/a><\/li>\r\n                                        <li><span class=\"public-at\">2025. december 02.<\/span><\/li>\r\n                <\/ul>\r\n                        <div class=\"desc\"><p style=\"text-align:justify\">A Magyar Kereskedelmi \u00e9s Iparkamara V\u00e1llalkoz\u00e1sfejleszt\u00e9si Projektj\u00e9nek keret\u00e9ben 2026. janu\u00e1rj\u00e1ban \u00e9s febru\u00e1rj\u00e1ban t\u00e1mogatott r\u00e9szv\u00e9teli lehet\u0151s\u00e9ggel \u00fczleti deleg\u00e1ci\u00f3t szervez az Egyes\u00fclt Arab Em\u00edrs\u00e9gekbe, Kamerunba, Szerbi\u00e1ba \u00e9s Ausztri\u00e1ba.<\/p><\/div>\r\n        <\/div>\r\n    <\/div>\r\n        <\/div>\r\n    <\/div>\r\n\r\n<ul class=\"pagination text-center\">\r\n                    <li class=\"left\"><a aria-label=\"El\u0151z\u0151\" href=\"https:\/\/szabkam.hu\/api\/feeds\/page?page=25\" rel=\"nofollow\"><i aria-hidden=\"true\" class=\"icon icon-arrow-flat-left\"><\/i><\/a><\/li>\r\n        \r\n                    \r\n                                                                        <li><a href=\"https:\/\/szabkam.hu\/api\/feeds\/page?page=1\" rel=\"nofollow\" aria-label=\"1. oldal bet\u00f6lt\u00e9se\">01<\/a><\/li>\r\n                                                                                <li><a href=\"https:\/\/szabkam.hu\/api\/feeds\/page?page=2\" rel=\"nofollow\" aria-label=\"2. oldal bet\u00f6lt\u00e9se\">02<\/a><\/li>\r\n                                                                                    <li class=\"disabled\"><span>...<\/span><\/li>\r\n            \r\n                                \r\n                                                                        <li><a href=\"https:\/\/szabkam.hu\/api\/feeds\/page?page=23\" rel=\"nofollow\" aria-label=\"23. oldal bet\u00f6lt\u00e9se\">23<\/a><\/li>\r\n                                                                                <li><a href=\"https:\/\/szabkam.hu\/api\/feeds\/page?page=24\" rel=\"nofollow\" aria-label=\"24. oldal bet\u00f6lt\u00e9se\">24<\/a><\/li>\r\n                                                                                <li><a href=\"https:\/\/szabkam.hu\/api\/feeds\/page?page=25\" rel=\"nofollow\" aria-label=\"25. oldal bet\u00f6lt\u00e9se\">25<\/a><\/li>\r\n                                                                                <li class=\"active\"><span>26<\/span><\/li>\r\n                                                                                <li><a href=\"https:\/\/szabkam.hu\/api\/feeds\/page?page=27\" rel=\"nofollow\" aria-label=\"27. oldal bet\u00f6lt\u00e9se\">27<\/a><\/li>\r\n                                                                                <li><a href=\"https:\/\/szabkam.hu\/api\/feeds\/page?page=28\" rel=\"nofollow\" aria-label=\"28. oldal bet\u00f6lt\u00e9se\">28<\/a><\/li>\r\n                                                                                <li><a href=\"https:\/\/szabkam.hu\/api\/feeds\/page?page=29\" rel=\"nofollow\" aria-label=\"29. oldal bet\u00f6lt\u00e9se\">29<\/a><\/li>\r\n                                                                                    <li class=\"disabled\"><span>...<\/span><\/li>\r\n            \r\n                                \r\n                                                                        <li><a href=\"https:\/\/szabkam.hu\/api\/feeds\/page?page=256\" rel=\"nofollow\" aria-label=\"256. oldal bet\u00f6lt\u00e9se\">256<\/a><\/li>\r\n                                                                                <li><a href=\"https:\/\/szabkam.hu\/api\/feeds\/page?page=257\" rel=\"nofollow\" aria-label=\"257. oldal bet\u00f6lt\u00e9se\">257<\/a><\/li>\r\n                                                        \r\n                    <li class=\"right\"><a aria-label=\"K\u00f6vetkez\u0151\" href=\"https:\/\/szabkam.hu\/api\/feeds\/page?page=27\" rel=\"nofollow\"><i aria-hidden=\"true\" class=\"icon icon-arrow-flat-right\"><\/i><\/a><\/li>\r\n            <\/ul>\r\n\r\n","page":"26"}