{"content":"<div class=\"row inline-row\">\r\n                <div class=\"col-md-6 inline-col feed-item\">\r\n            <div class=\"clearfix\">\r\n                    <div class=\"img \">\r\n                <a  href=\"https:\/\/szabkam.hu\/hirek\/indonez-butorgyarto-ceg-ajanlata\" title=\"Indon\u00e9z b\u00fatorgy\u00e1rt\u00f3 c\u00e9g aj\u00e1nlata\" tabindex=\"-1\" aria-hidden=\"true\">\r\n                    <img class=\"img-responsive img-center\" src=\"\/uploads\/feed_items\/small-rattan-16813927106685.jpg\" alt=\"Indon\u00e9z b\u00fatorgy\u00e1rt\u00f3 c\u00e9g aj\u00e1nlata\">\r\n                <\/a>\r\n            <\/div>\r\n                <div class=\"col-xs-7 info\">\r\n            <div class=\"title\" role=\"heading\" aria-level=\"4\"><a  href=\"https:\/\/szabkam.hu\/hirek\/indonez-butorgyarto-ceg-ajanlata\">Indon\u00e9z b\u00fatorgy\u00e1rt\u00f3 c\u00e9g aj\u00e1nlata<\/a><\/div>\r\n                            <ul class=\"categories\">\r\n                                            <li><a style=\"background: #2a2880; color: #ffffff\" href=\"https:\/\/szabkam.hu\/hirek\/kulgazdasag\" aria-label=\"K\u00fclgazdas\u00e1g kateg\u00f3ri\u00e1k megnyit\u00e1sa\">K\u00fclgazdas\u00e1g<\/a><\/li>\r\n                                            <li><a style=\"background: #253d06; color: #ffffff\" href=\"https:\/\/szabkam.hu\/hirek\/uzleti-ajanlatok\" aria-label=\"\u00dczleti aj\u00e1nlatok kateg\u00f3ri\u00e1k megnyit\u00e1sa\">\u00dczleti aj\u00e1nlatok<\/a><\/li>\r\n                                        <li><span class=\"public-at\">2023. \u00e1prilis 13.<\/span><\/li>\r\n                <\/ul>\r\n                        <div class=\"desc\"><p style=\"text-align:justify\">Indon\u00e9zia Magyarorsz\u00e1gi Nagyk\u00f6vets\u00e9ge aj\u00e1nlja magyar v\u00e1llalkoz\u00e1sok figyelm\u00e9be a Mekar Asih Rotan Company b\u00fatorgy\u00e1rt\u00f3 c\u00e9get.<\/p><\/div>\r\n        <\/div>\r\n    <\/div>\r\n        <\/div>\r\n            <div class=\"col-md-6 inline-col feed-item\">\r\n            <div class=\"clearfix\">\r\n                    <div class=\"img \">\r\n                <a  href=\"https:\/\/szabkam.hu\/hirek\/kiterjesztett-gyartoi-felelosseg-epr-megnyilo-regisztracio\" title=\"Kiterjesztett gy\u00e1rt\u00f3i felel\u0151ss\u00e9g (EPR)- megny\u00edl\u00f3 regisztr\u00e1ci\u00f3\" tabindex=\"-1\" aria-hidden=\"true\">\r\n                    <img class=\"img-responsive img-center\" src=\"\/uploads\/feed_items\/small-zoeld-gazdasag-16813900723734.jpg\" alt=\"Kiterjesztett gy\u00e1rt\u00f3i felel\u0151ss\u00e9g (EPR)- megny\u00edl\u00f3 regisztr\u00e1ci\u00f3\">\r\n                <\/a>\r\n            <\/div>\r\n                <div class=\"col-xs-7 info\">\r\n            <div class=\"title\" role=\"heading\" aria-level=\"4\"><a  href=\"https:\/\/szabkam.hu\/hirek\/kiterjesztett-gyartoi-felelosseg-epr-megnyilo-regisztracio\">Kiterjesztett gy\u00e1rt\u00f3i felel\u0151ss\u00e9g (EPR)- megny\u00edl\u00f3 regisztr\u00e1ci\u00f3<\/a><\/div>\r\n                            <ul class=\"categories\">\r\n                                            <li><a style=\"background: #02834f; color: #ffffff\" href=\"https:\/\/szabkam.hu\/hirek\/zold-gazdasag\" aria-label=\"Z\u00f6ld gazdas\u00e1g kateg\u00f3ri\u00e1k megnyit\u00e1sa\">Z\u00f6ld gazdas\u00e1g<\/a><\/li>\r\n                                            <li><a style=\"background: #d99e25; color: #ffffff\" href=\"https:\/\/szabkam.hu\/hirek\/hulladekgazdalkodas\" aria-label=\"Hullad\u00e9kgazd\u00e1lkod\u00e1s kateg\u00f3ri\u00e1k megnyit\u00e1sa\">Hullad\u00e9kgazd\u00e1lkod\u00e1s<\/a><\/li>\r\n                                        <li><span class=\"public-at\">2023. \u00e1prilis 13.<\/span><\/li>\r\n                <\/ul>\r\n                        <div class=\"desc\"><p style=\"text-align:justify\">2023. j\u00falius 1-t\u0151l indul a kiterjesztett gy\u00e1rt\u00f3i felel\u0151ss\u00e9gi rendszer Magyarorsz\u00e1gon.<\/p><\/div>\r\n        <\/div>\r\n    <\/div>\r\n        <\/div>\r\n            <div class=\"col-md-6 inline-col feed-item\">\r\n            <div class=\"clearfix\">\r\n                    <div class=\"img \">\r\n                <a  href=\"https:\/\/szabkam.hu\/hirek\/bejelentest-tett-a-kormany-a-rezsiarakrol\" title=\"Bejelent\u00e9st tett a Korm\u00e1ny a rezsi\u00e1rakr\u00f3l\" tabindex=\"-1\" aria-hidden=\"true\">\r\n                    <img class=\"img-responsive img-center\" src=\"\/uploads\/feed_items\/small-letoeltes-16813794614939.jpg\" alt=\"Bejelent\u00e9st tett a Korm\u00e1ny a rezsi\u00e1rakr\u00f3l\">\r\n                <\/a>\r\n            <\/div>\r\n                <div class=\"col-xs-7 info\">\r\n            <div class=\"title\" role=\"heading\" aria-level=\"4\"><a  href=\"https:\/\/szabkam.hu\/hirek\/bejelentest-tett-a-kormany-a-rezsiarakrol\">Bejelent\u00e9st tett a Korm\u00e1ny a rezsi\u00e1rakr\u00f3l<\/a><\/div>\r\n                        <div class=\"desc\"><p style=\"text-align:justify\">Guly\u00e1s Gergely, minisztereln\u00f6ks\u00e9get vezet\u0151 miniszter bejelent\u00e9se szerint \u00e1prilis 30-a ut\u00e1n is v\u00e1ltozatlan marad a lakoss\u00e1gi rezsics\u00f6kkentett g\u00e1z- \u00e9s \u00e1ram\u00e1r, illetve az \u00e1tlagfogyaszt\u00e1s feletti tarif\u00e1k se m\u00f3dosulnak.<\/p><\/div>\r\n        <\/div>\r\n    <\/div>\r\n        <\/div>\r\n            <div class=\"col-md-6 inline-col feed-item\">\r\n            <div class=\"clearfix\">\r\n                    <div class=\"img \">\r\n                <a  href=\"https:\/\/szabkam.hu\/hirek\/a-gvh-a-horgaszokat-is-vedi-korlatozta-a-versenyt-az-egyik-legnagyobb-hazai-horgaszcikk-nagykereskedo\" title=\"A GVH a horg\u00e1szokat is v\u00e9di - korl\u00e1tozta a versenyt az egyik legnagyobb hazai horg\u00e1szcikk-nagykeresked\u0151\" tabindex=\"-1\" aria-hidden=\"true\">\r\n                    <img class=\"img-responsive img-center\" src=\"\/uploads\/feed_items\/small-horgaszbot-301-16813789130324.jpg\" alt=\"A GVH a horg\u00e1szokat is v\u00e9di - korl\u00e1tozta a versenyt az egyik legnagyobb hazai horg\u00e1szcikk-...\">\r\n                <\/a>\r\n            <\/div>\r\n                <div class=\"col-xs-7 info\">\r\n            <div class=\"title\" role=\"heading\" aria-level=\"4\"><a  href=\"https:\/\/szabkam.hu\/hirek\/a-gvh-a-horgaszokat-is-vedi-korlatozta-a-versenyt-az-egyik-legnagyobb-hazai-horgaszcikk-nagykereskedo\">A GVH a horg\u00e1szokat is v\u00e9di - korl\u00e1tozta a versenyt az egyik legnagyobb hazai horg\u00e1szcikk-nagykeresked\u0151<\/a><\/div>\r\n                            <ul class=\"categories\">\r\n                                            <li><a style=\"background: #445881; color: #ffffff\" href=\"https:\/\/szabkam.hu\/hirek\/gazdasagfejlesztes\" aria-label=\"Gazdas\u00e1gfejleszt\u00e9s kateg\u00f3ri\u00e1k megnyit\u00e1sa\">Gazdas\u00e1gfejleszt\u00e9s<\/a><\/li>\r\n                                        <li><span class=\"public-at\">2023. \u00e1prilis 13.<\/span><\/li>\r\n                <\/ul>\r\n                        <div class=\"desc\"><p style=\"text-align:justify\">A Gazdas\u00e1gi Versenyhivatal meg\u00e1llap\u00edtotta, hogy a horg\u00e1szcikk-nagykereskedelem meghat\u00e1roz\u00f3 szerepl\u0151je, a Top-Fish 2001 Kft. \u00e9veken kereszt\u00fcl el\u0151\u00edrta a horg\u00e1szboltoknak az \u00e1ltala forgalmazott term\u00e9kek internetes minimum-\u00e1rait. A v\u00e1llalkoz\u00e1s egy\u00fcttm\u0171k\u00f6d\u00f6tt a nemzeti versenyhat\u00f3s\u00e1ggal, elismerte a jogs\u00e9rt\u00e9st \u00e9s bels\u0151 programot v\u00e1llalt a hasonl\u00f3 jogs\u00e9rt\u00e9sek elker\u00fcl\u00e9se \u00e9rdek\u00e9ben, \u00edgy a GVH Versenytan\u00e1csa 27 milli\u00f3 forintban \u00e1llap\u00edtotta meg a kiszabott b\u00edrs\u00e1got.<\/p><\/div>\r\n        <\/div>\r\n    <\/div>\r\n        <\/div>\r\n            <div class=\"col-md-6 inline-col feed-item\">\r\n            <div class=\"clearfix\">\r\n                    <div class=\"img \">\r\n                <a  href=\"https:\/\/szabkam.hu\/hirek\/kezdetet-vette-a-gazdalkodo-szervezetek-mohu-regisztracioja\" title=\"Kezdet\u00e9t vette a gazd\u00e1lkod\u00f3 szervezetek MOHU regisztr\u00e1ci\u00f3ja\" tabindex=\"-1\" aria-hidden=\"true\">\r\n                    <img class=\"img-responsive img-center\" src=\"\/uploads\/feed_items\/small-hulladek-16806932451201.jpg\" alt=\"Kezdet\u00e9t vette a gazd\u00e1lkod\u00f3 szervezetek MOHU regisztr\u00e1ci\u00f3ja\">\r\n                <\/a>\r\n            <\/div>\r\n                <div class=\"col-xs-7 info\">\r\n            <div class=\"title\" role=\"heading\" aria-level=\"4\"><a  href=\"https:\/\/szabkam.hu\/hirek\/kezdetet-vette-a-gazdalkodo-szervezetek-mohu-regisztracioja\">Kezdet\u00e9t vette a gazd\u00e1lkod\u00f3 szervezetek MOHU regisztr\u00e1ci\u00f3ja<\/a><\/div>\r\n                            <ul class=\"categories\">\r\n                                            <li><a style=\"background: #02834f; color: #ffffff\" href=\"https:\/\/szabkam.hu\/hirek\/zold-gazdasag\" aria-label=\"Z\u00f6ld gazdas\u00e1g kateg\u00f3ri\u00e1k megnyit\u00e1sa\">Z\u00f6ld gazdas\u00e1g<\/a><\/li>\r\n                                            <li><a style=\"background: #d99e25; color: #ffffff\" href=\"https:\/\/szabkam.hu\/hirek\/hulladekgazdalkodas\" aria-label=\"Hullad\u00e9kgazd\u00e1lkod\u00e1s kateg\u00f3ri\u00e1k megnyit\u00e1sa\">Hullad\u00e9kgazd\u00e1lkod\u00e1s<\/a><\/li>\r\n                                            <li><a style=\"background: #000000; color: #ffffff\" href=\"https:\/\/szabkam.hu\/hirek\/mohu\" aria-label=\"MOHU kateg\u00f3ri\u00e1k megnyit\u00e1sa\">MOHU<\/a><\/li>\r\n                                        <li><span class=\"public-at\">2023. \u00e1prilis 05.<\/span><\/li>\r\n                <\/ul>\r\n                        <div class=\"desc\"><p style=\"text-align:justify\">2023. m\u00e1rcius 1-j\u00e9n elindult a hullad\u00e9ktermel\u0151 gazd\u00e1lkod\u00f3 szervezetek \u00e9s int\u00e9zm\u00e9nyek regisztr\u00e1ci\u00f3ja a MOHU MOL Hullad\u00e9kgazd\u00e1lkod\u00e1si Zrt. elektronikos \u00fcgyint\u00e9z\u00e9si fel\u00fclet\u00e9n.<\/p><\/div>\r\n        <\/div>\r\n    <\/div>\r\n        <\/div>\r\n            <div class=\"col-md-6 inline-col feed-item\">\r\n            <div class=\"clearfix\">\r\n                    <div class=\"img \">\r\n                <a  href=\"https:\/\/szabkam.hu\/hirek\/nemzetkozi-uzletember-talalkozo-ungvaron-2023aprilis\" title=\"Nemzetk\u00f6zi \u00fczletember tal\u00e1lkoz\u00f3 Ungv\u00e1ron 2023.\u00e1prilis\" tabindex=\"-1\" aria-hidden=\"true\">\r\n                    <img class=\"img-responsive img-center\" src=\"\/uploads\/feed_items\/small-hangulatos-kert-16806823938954.jpg\" alt=\"Nemzetk\u00f6zi \u00fczletember tal\u00e1lkoz\u00f3 Ungv\u00e1ron 2023.\u00e1prilis\">\r\n                <\/a>\r\n            <\/div>\r\n                <div class=\"col-xs-7 info\">\r\n            <div class=\"title\" role=\"heading\" aria-level=\"4\"><a  href=\"https:\/\/szabkam.hu\/hirek\/nemzetkozi-uzletember-talalkozo-ungvaron-2023aprilis\">Nemzetk\u00f6zi \u00fczletember tal\u00e1lkoz\u00f3 Ungv\u00e1ron 2023.\u00e1prilis<\/a><\/div>\r\n                            <ul class=\"categories\">\r\n                                            <li><a style=\"background: #296aef; color: #ffffff\" href=\"https:\/\/szabkam.hu\/hirek\/kiallitas\" aria-label=\"Ki\u00e1ll\u00edt\u00e1s kateg\u00f3ri\u00e1k megnyit\u00e1sa\">Ki\u00e1ll\u00edt\u00e1s<\/a><\/li>\r\n                                            <li><a style=\"background: #2a2880; color: #ffffff\" href=\"https:\/\/szabkam.hu\/hirek\/kulgazdasag\" aria-label=\"K\u00fclgazdas\u00e1g kateg\u00f3ri\u00e1k megnyit\u00e1sa\">K\u00fclgazdas\u00e1g<\/a><\/li>\r\n                                            <li><a style=\"background: #253d06; color: #ffffff\" href=\"https:\/\/szabkam.hu\/hirek\/uzleti-ajanlatok\" aria-label=\"\u00dczleti aj\u00e1nlatok kateg\u00f3ri\u00e1k megnyit\u00e1sa\">\u00dczleti aj\u00e1nlatok<\/a><\/li>\r\n                                        <li><span class=\"public-at\">2023. \u00e1prilis 05.<\/span><\/li>\r\n                <\/ul>\r\n                        <div class=\"desc\"><p style=\"text-align:justify\">A K\u00e1rp\u00e1taljai Kereskedelmi \u00e9s Iparkamara nemzetk\u00f6zi \u00fczletember tal\u00e1lkoz\u00f3t szervez 2023.\u00e1prilis.27-28-\u00e1n Ungv\u00e1ron.<\/p><\/div>\r\n        <\/div>\r\n    <\/div>\r\n        <\/div>\r\n            <div class=\"col-md-6 inline-col feed-item\">\r\n            <div class=\"clearfix\">\r\n                    <div class=\"img \">\r\n                <a  href=\"https:\/\/szabkam.hu\/hirek\/7-kina-kozep-kelet-europa-uzleti-tanacs-ulese-rendezveny\" title=\"&quot;7. K\u00edna-K\u00f6z\u00e9p-Kelet-Eur\u00f3pa \u00dczleti Tan\u00e1cs \u00dcl\u00e9se&quot; rendezv\u00e9ny\" tabindex=\"-1\" aria-hidden=\"true\">\r\n                    <img class=\"img-responsive img-center\" src=\"\/uploads\/feed_items\/small-kina-16806126378527.jpg\" alt=\"&quot;7. K\u00edna-K\u00f6z\u00e9p-Kelet-Eur\u00f3pa \u00dczleti Tan\u00e1cs \u00dcl\u00e9se&quot; rendezv\u00e9ny\">\r\n                <\/a>\r\n            <\/div>\r\n                <div class=\"col-xs-7 info\">\r\n            <div class=\"title\" role=\"heading\" aria-level=\"4\"><a  href=\"https:\/\/szabkam.hu\/hirek\/7-kina-kozep-kelet-europa-uzleti-tanacs-ulese-rendezveny\">&quot;7. K\u00edna-K\u00f6z\u00e9p-Kelet-Eur\u00f3pa \u00dczleti Tan\u00e1cs \u00dcl\u00e9se&quot; rendezv\u00e9ny<\/a><\/div>\r\n                            <ul class=\"categories\">\r\n                                            <li><a style=\"background: #445881; color: #ffffff\" href=\"https:\/\/szabkam.hu\/hirek\/gazdasagfejlesztes\" aria-label=\"Gazdas\u00e1gfejleszt\u00e9s kateg\u00f3ri\u00e1k megnyit\u00e1sa\">Gazdas\u00e1gfejleszt\u00e9s<\/a><\/li>\r\n                                            <li><a style=\"background: #2a2880; color: #ffffff\" href=\"https:\/\/szabkam.hu\/hirek\/kulgazdasag\" aria-label=\"K\u00fclgazdas\u00e1g kateg\u00f3ri\u00e1k megnyit\u00e1sa\">K\u00fclgazdas\u00e1g<\/a><\/li>\r\n                                            <li><a style=\"background: #253d06; color: #ffffff\" href=\"https:\/\/szabkam.hu\/hirek\/uzleti-ajanlatok\" aria-label=\"\u00dczleti aj\u00e1nlatok kateg\u00f3ri\u00e1k megnyit\u00e1sa\">\u00dczleti aj\u00e1nlatok<\/a><\/li>\r\n                                        <li><span class=\"public-at\">2023. \u00e1prilis 04.<\/span><\/li>\r\n                <\/ul>\r\n                        <div class=\"desc\"><p style=\"text-align:justify\">T\u00f6bb mint 140 k\u00ednai c\u00e9g vesz r\u00e9szt a rendezv\u00e9nyen. Az el\u0151ad\u00e1sok mellett az \u00e9rdekl\u0151d\u0151 c\u00e9gek online B2B-tal\u00e1lkoz\u00f3kon is r\u00e9szt vehetnek majd k\u00ednai c\u00e9ges partnerekkel.<\/p><\/div>\r\n        <\/div>\r\n    <\/div>\r\n        <\/div>\r\n            <div class=\"col-md-6 inline-col feed-item\">\r\n            <div class=\"clearfix\">\r\n                    <div class=\"img \">\r\n                <a  href=\"https:\/\/szabkam.hu\/hirek\/francia-ceg-muanyag-gyarto-partnert-keres\" title=\"Francia c\u00e9g m\u0171anyag gy\u00e1rt\u00f3 partnert keres\" tabindex=\"-1\" aria-hidden=\"true\">\r\n                    <img class=\"img-responsive img-center\" src=\"\/uploads\/feed_items\/small-boroend-16801743639462.jpg\" alt=\"Francia c\u00e9g m\u0171anyag gy\u00e1rt\u00f3 partnert keres\">\r\n                <\/a>\r\n            <\/div>\r\n                <div class=\"col-xs-7 info\">\r\n            <div class=\"title\" role=\"heading\" aria-level=\"4\"><a  href=\"https:\/\/szabkam.hu\/hirek\/francia-ceg-muanyag-gyarto-partnert-keres\">Francia c\u00e9g m\u0171anyag gy\u00e1rt\u00f3 partnert keres<\/a><\/div>\r\n                            <ul class=\"categories\">\r\n                                            <li><a style=\"background: #2a2880; color: #ffffff\" href=\"https:\/\/szabkam.hu\/hirek\/kulgazdasag\" aria-label=\"K\u00fclgazdas\u00e1g kateg\u00f3ri\u00e1k megnyit\u00e1sa\">K\u00fclgazdas\u00e1g<\/a><\/li>\r\n                                            <li><a style=\"background: #253d06; color: #ffffff\" href=\"https:\/\/szabkam.hu\/hirek\/uzleti-ajanlatok\" aria-label=\"\u00dczleti aj\u00e1nlatok kateg\u00f3ri\u00e1k megnyit\u00e1sa\">\u00dczleti aj\u00e1nlatok<\/a><\/li>\r\n                                        <li><span class=\"public-at\">2023. m\u00e1rcius 30.<\/span><\/li>\r\n                <\/ul>\r\n                        <div class=\"desc\"><p style=\"text-align:justify\">Magyarorsz\u00e1g p\u00e1rizsi nagyk\u00f6vets\u00e9g\u00e9t\u0151l \u00e9rkezett megkeres\u00e9s b\u00e9rgy\u00e1rt\u00e1sra.<\/p><\/div>\r\n        <\/div>\r\n    <\/div>\r\n        <\/div>\r\n    <\/div>\r\n\r\n<ul class=\"pagination text-center\">\r\n                    <li class=\"left\"><a aria-label=\"El\u0151z\u0151\" href=\"https:\/\/szabkam.hu\/api\/feeds\/page?page=119\" rel=\"nofollow\"><i aria-hidden=\"true\" class=\"icon icon-arrow-flat-left\"><\/i><\/a><\/li>\r\n        \r\n                    \r\n                                                                        <li><a href=\"https:\/\/szabkam.hu\/api\/feeds\/page?page=1\" rel=\"nofollow\" aria-label=\"1. oldal bet\u00f6lt\u00e9se\">01<\/a><\/li>\r\n                                                                                <li><a href=\"https:\/\/szabkam.hu\/api\/feeds\/page?page=2\" rel=\"nofollow\" aria-label=\"2. oldal bet\u00f6lt\u00e9se\">02<\/a><\/li>\r\n                                                                                    <li class=\"disabled\"><span>...<\/span><\/li>\r\n            \r\n                                \r\n                                                                        <li><a href=\"https:\/\/szabkam.hu\/api\/feeds\/page?page=117\" rel=\"nofollow\" aria-label=\"117. oldal bet\u00f6lt\u00e9se\">117<\/a><\/li>\r\n                                                                                <li><a href=\"https:\/\/szabkam.hu\/api\/feeds\/page?page=118\" rel=\"nofollow\" aria-label=\"118. oldal bet\u00f6lt\u00e9se\">118<\/a><\/li>\r\n                                                                                <li><a href=\"https:\/\/szabkam.hu\/api\/feeds\/page?page=119\" rel=\"nofollow\" aria-label=\"119. oldal bet\u00f6lt\u00e9se\">119<\/a><\/li>\r\n                                                                                <li class=\"active\"><span>120<\/span><\/li>\r\n                                                                                <li><a href=\"https:\/\/szabkam.hu\/api\/feeds\/page?page=121\" rel=\"nofollow\" aria-label=\"121. oldal bet\u00f6lt\u00e9se\">121<\/a><\/li>\r\n                                                                                <li><a href=\"https:\/\/szabkam.hu\/api\/feeds\/page?page=122\" rel=\"nofollow\" aria-label=\"122. oldal bet\u00f6lt\u00e9se\">122<\/a><\/li>\r\n                                                                                <li><a href=\"https:\/\/szabkam.hu\/api\/feeds\/page?page=123\" rel=\"nofollow\" aria-label=\"123. oldal bet\u00f6lt\u00e9se\">123<\/a><\/li>\r\n                                                                                    <li class=\"disabled\"><span>...<\/span><\/li>\r\n            \r\n                                \r\n                                                                        <li><a href=\"https:\/\/szabkam.hu\/api\/feeds\/page?page=256\" rel=\"nofollow\" aria-label=\"256. oldal bet\u00f6lt\u00e9se\">256<\/a><\/li>\r\n                                                                                <li><a href=\"https:\/\/szabkam.hu\/api\/feeds\/page?page=257\" rel=\"nofollow\" aria-label=\"257. oldal bet\u00f6lt\u00e9se\">257<\/a><\/li>\r\n                                                        \r\n                    <li class=\"right\"><a aria-label=\"K\u00f6vetkez\u0151\" href=\"https:\/\/szabkam.hu\/api\/feeds\/page?page=121\" rel=\"nofollow\"><i aria-hidden=\"true\" class=\"icon icon-arrow-flat-right\"><\/i><\/a><\/li>\r\n            <\/ul>\r\n\r\n","page":"120"}